{"id":13089,"date":"2022-07-12T15:09:30","date_gmt":"2022-07-12T18:09:30","guid":{"rendered":"https:\/\/ufpr.br\/processo-seletivo-bolsa-de-pos-doutorado-do-projeto-capes-epidemias-no-ppg-engenharia-de-bioprocessos-e-biotecnologia"},"modified":"2025-12-02T09:02:04","modified_gmt":"2025-12-02T12:02:04","slug":"processo-seletivo-bolsa-de-pos-doutorado-do-projeto-capes-epidemias-no-ppg-engenharia-de-bioprocessos-e-biotecnologia","status":"publish","type":"post","link":"https:\/\/ufpr.br\/propg\/processo-seletivo-bolsa-de-pos-doutorado-do-projeto-capes-epidemias-no-ppg-engenharia-de-bioprocessos-e-biotecnologia\/","title":{"rendered":"[Processo Seletivo] Bolsa de P\u00f3s-Doutorado do projeto CAPES\/EPIDEMIAS no PPG Engenharia de Bioprocessos e Biotecnologia"},"content":{"rendered":"\n<p>Est\u00e3o abertas as inscri\u00e7\u00f5es para o Processo Seletivo de bolsa de P\u00f3s-Doutorado do projeto CAPES\/EPIDEMIAS no PPGEBB, no per\u00edodo de<strong>\u00a011 a 22 de julho<\/strong>\u00a0de 2022, atrav\u00e9s do Sistema de Gest\u00e3o Acad\u00eamica da P\u00f3s-gradua\u00e7\u00e3o (SIGA)<\/p>\n\n\n\n<p>Confira o edital e todas as informa\u00e7\u00f5es sobre o processo seletivo na p\u00e1gina do programa:&nbsp;<a href=\"https:\/\/www.prppg.ufpr.br\/site\/ppgebb\/pb\/processo-seletivo\/\" target=\"_blank\" rel=\"noreferrer noopener\">https:\/\/www.prppg.ufpr.br\/site\/ppgebb\/pb\/processo-seletivo\/<\/a><\/p>\n\n\n\n<p>Informa\u00e7\u00f5es adicionais no e-mail:&nbsp;<a href=\"mailto:secretaria.pb@ufpr.br\" target=\"_blank\" rel=\"noreferrer noopener\">secretaria.pb@ufpr.br<\/a><\/p>\n\n\n\n<p>Telefone: +55 (41) 3361-3695<\/p>\n\n\n\n<p>&nbsp;<\/p>\n","protected":false},"excerpt":{"rendered":"<p>Est\u00e3o abertas as inscri\u00e7\u00f5es para o Processo Seletivo de bolsa de P\u00f3s-Doutorado do projeto CAPES\/EPIDEMIAS no PPGEBB, no per\u00edodo de\u00a011 a 22 de julho\u00a0de 2022, atrav\u00e9s do Sistema de Gest\u00e3o Acad\u00eamica da P\u00f3s-gradua\u00e7\u00e3o (SIGA) Confira o edital e todas as informa\u00e7\u00f5es sobre o processo seletivo na p\u00e1gina do programa:&nbsp;https:\/\/www.prppg.ufpr.br\/site\/ppgebb\/pb\/processo-seletivo\/ Informa\u00e7\u00f5es adicionais no e-mail:&nbsp;secretaria.pb@ufpr.br Telefone: +55 [&hellip;]<\/p>\n","protected":false},"author":18,"featured_media":0,"comment_status":"open","ping_status":"open","sticky":false,"template":"","format":"standard","meta":{"footnotes":""},"categories":[381,386],"tags":[],"class_list":["post-13089","post","type-post","status-publish","format-standard","hentry","category-editais-e-processos-seletivos","category-mestrado-e-doutorado"],"_links":{"self":[{"href":"https:\/\/ufpr.br\/propg\/wp-json\/wp\/v2\/posts\/13089","targetHints":{"allow":["GET"]}}],"collection":[{"href":"https:\/\/ufpr.br\/propg\/wp-json\/wp\/v2\/posts"}],"about":[{"href":"https:\/\/ufpr.br\/propg\/wp-json\/wp\/v2\/types\/post"}],"author":[{"embeddable":true,"href":"https:\/\/ufpr.br\/propg\/wp-json\/wp\/v2\/users\/18"}],"replies":[{"embeddable":true,"href":"https:\/\/ufpr.br\/propg\/wp-json\/wp\/v2\/comments?post=13089"}],"version-history":[{"count":3,"href":"https:\/\/ufpr.br\/propg\/wp-json\/wp\/v2\/posts\/13089\/revisions"}],"predecessor-version":[{"id":19045,"href":"https:\/\/ufpr.br\/propg\/wp-json\/wp\/v2\/posts\/13089\/revisions\/19045"}],"wp:attachment":[{"href":"https:\/\/ufpr.br\/propg\/wp-json\/wp\/v2\/media?parent=13089"}],"wp:term":[{"taxonomy":"category","embeddable":true,"href":"https:\/\/ufpr.br\/propg\/wp-json\/wp\/v2\/categories?post=13089"},{"taxonomy":"post_tag","embeddable":true,"href":"https:\/\/ufpr.br\/propg\/wp-json\/wp\/v2\/tags?post=13089"}],"curies":[{"name":"wp","href":"https:\/\/api.w.org\/{rel}","templated":true}]}}