{"id":10054,"date":"2020-11-30T16:51:22","date_gmt":"2020-11-30T18:51:22","guid":{"rendered":"https:\/\/ufpr.br\/pdse-programa-doutorado-sanduiche-no-exterior-capes"},"modified":"2025-12-01T16:24:21","modified_gmt":"2025-12-01T19:24:21","slug":"pdse-programa-doutorado-sanduiche-no-exterior-capes","status":"publish","type":"post","link":"https:\/\/ufpr.br\/propg\/pdse-programa-doutorado-sanduiche-no-exterior-capes\/","title":{"rendered":"PDSE \u2013 Programa Doutorado Sandu\u00edche no Exterior \u2013 CAPES"},"content":{"rendered":"\n<p>Em atendimento aos termos do Edital CAPES PDSE n\u00ba 19\/2020, esta Pr\u00f3-Reitoria apresenta aos interessados informa\u00e7\u00f5es, instru\u00e7\u00f5es e documenta\u00e7\u00f5es referentes ao PDSE 2020 no \u00e2mbito desta IES.<\/p>\n\n\n\n<div style=\"height:25px\" aria-hidden=\"true\" class=\"wp-block-spacer\"><\/div>\n\n\n\n<p><strong>Acesso aos arquivos relacionados ao PDSE 2020:<\/strong><\/p>\n\n\n\n<p>1 &#8211; Edital CAPES PDSE n\u00ba 19\/2020: (<a href=\"https:\/\/www.gov.br\/capes\/pt-br\/centrais-de-conteudo\/editais\/09102020_edital-19-pdse.pdf\" target=\"_blank\" rel=\"noreferrer noopener\">clique aqui<\/a>)<\/p>\n\n\n\n<p>2 &#8211; Anexo III &#8211; Requisitos de profici\u00eancia em l\u00edngua estrangeira: (<a href=\"https:\/\/www.gov.br\/capes\/pt-br\/centrais-de-conteudo\/documentos\/diretoria-de-relacoes-internacionais\/pdse\/Anexo_III.pdf\" target=\"_blank\" rel=\"noreferrer noopener\">clique aqui<\/a>)<\/p>\n\n\n\n<p>3 &#8211; Portaria CAPES n\u00ba 289\/2018 que regulamenta as modalidades de bolsas e aux\u00edlios no exterior: (<a href=\"https:\/\/www.in.gov.br\/materia\/-\/asset_publisher\/Kujrw0TZC2Mb\/content\/id\/57601195\/do1-2019-01-02-portaria-n-289-de-28-de-dezembro-de-2018-57601103\" target=\"_blank\" rel=\"noreferrer noopener\">clique aqui<\/a>)<\/p>\n\n\n\n<p>4 &#8211; Chamada PRPPG\/SBA n\u00ba 01\/2020: (<a href=\"https:\/\/ufpr.br\/propg\/wp-content\/uploads\/2025\/10\/chamada_01_2020_sba_bolsapdse2020.pdf\" target=\"_blank\" rel=\"noreferrer noopener\">clique aqui<\/a>)<\/p>\n\n\n\n<div style=\"height:25px\" aria-hidden=\"true\" class=\"wp-block-spacer\"><\/div>\n\n\n\n<p><strong>PPGs habilitados para participar do PDSE 2020:<\/strong><\/p>\n\n\n\n<p>De acordo com levantamento desta Pr\u00f3-Reitoria, atendem os crit\u00e9rios do Edital CAPES PDSE n\u00ba 19\/2020 e devem receber aloca\u00e7\u00e3o de cota PDSE os 19 PPGs listados abaixo:<\/p>\n\n\n\n<figure class=\"wp-block-table is-style-stripes\"><table class=\"has-fixed-layout\"><tbody><tr><td><strong>ADMINISTRA\u00c7\u00c3O<\/strong><\/td><td><strong>CI\u00caNCIA DO SOLO<\/strong><\/td><\/tr><tr><td><strong>COMUNICA\u00c7\u00c3O<\/strong><\/td><td><strong>CONTABILIDADE<\/strong><\/td><\/tr><tr><td><strong>DESIGN<\/strong><\/td><td><strong>EDUCA\u00c7\u00c3O EM CI\u00caNCIAS E EM MATEM\u00c1TICA<\/strong><\/td><\/tr><tr><td><strong>ENGENHARIA DE ALIMENTOS<\/strong><\/td><td><strong>ENGENHARIA FLORESTAL<\/strong><\/td><\/tr><tr><td><strong>FARMACOLOGIA<\/strong><\/td><td><strong>GEOLOGIA<\/strong><\/td><\/tr><tr><td><strong>GEST\u00c3O DA INFORMA\u00c7\u00c3O<\/strong><\/td><td><strong>MATEM\u00c1TICA<\/strong><\/td><\/tr><tr><td><strong>MEDICINA (CL\u00cdNICA CIR\u00daRGICA)<\/strong><\/td><td><strong>MEDICINA INTERNA E CI\u00caNCIAS DA SA\u00daDE<\/strong><\/td><\/tr><tr><td><strong>MEIO AMBIENTE E DESENVOLVIMENTO<\/strong><\/td><td><strong>ODONTOLOGIA<\/strong><\/td><\/tr><tr><td><strong>PSICOLOGIA<\/strong><\/td><td><strong>SA\u00daDE DA CRIAN\u00c7A E DO ADOLESCENTE<\/strong><\/td><\/tr><tr><td><strong>ZOOTECNIA<\/strong><\/td><td>&nbsp;<\/td><\/tr><\/tbody><\/table><\/figure>\n\n\n\n<p>Obs: os PPGs ASSIST\u00caNCIA FARMACEUTICA e MULTIC\u00caNTRICO EM BIOQU\u00cdMICA E BIOLOGIA MOLECULAR tamb\u00e9m atendem tais crit\u00e9rios. Para os PPGs ofertados em rede, haver\u00e1 aloca\u00e7\u00e3o de uma \u00fanica cota PDSE por rede e caber\u00e1 aos integrantes da mesma, determinar os crit\u00e9rios internos para indica\u00e7\u00e3o de ocupa\u00e7\u00e3o desta cota.<\/p>\n\n\n\n<div style=\"height:25px\" aria-hidden=\"true\" class=\"wp-block-spacer\"><\/div>\n\n\n\n<p><strong>Considera\u00e7\u00f5es Gerais:<\/strong><\/p>\n\n\n\n<p>&#8211; A cota PDSE alocada ao PPG habilitado a participar do Edital CAPES PDSE n\u00ba 19\/2020, permitir\u00e1 o atendimento de apenas <u>um benefici\u00e1rio<\/u> pelo per\u00edodo m\u00ednimo de 4 ou m\u00e1ximo de 6 meses.<\/p>\n\n\n\n<p>&#8211; O per\u00edodo para realiza\u00e7\u00e3o das atividades acad\u00eamicas no exterior dever\u00e1 ser iniciada necessariamente entre Julho 2021 a Setembro 2021.<\/p>\n\n\n\n<p>&#8211; Todos os interessados dever\u00e3o atender os requisitos de profici\u00eancia em l\u00edngua estrangeira, previstos no Anexo III do Edital CAPES PDSE n\u00ba 19\/2020, mesmo quando a atividade acad\u00eamica ocorrer em pa\u00edses de l\u00edngua portuguesa.<\/p>\n\n\n\n<p>&#8211; Caber\u00e1 aos PPGs habilitados a participar do PDSE 2020, selecionar os seus respectivos discentes atrav\u00e9s de processo seletivo interno. O resultado deste processo seletivo ser\u00e1 encaminhado para esta Pr\u00f3-Reitoria, para compila\u00e7\u00e3o do quadro geral de discentes UFPR que ter\u00e3o homologadas suas candidaturas, quando efetuadas com sucesso no SICAPES.<\/p>\n\n\n\n<p>&#8211; Todos os alunos considerados aptos e indicados pelos PPGs dever\u00e3o efetuar registro de candidatura junto ao SICAPES. O procedimento de homologa\u00e7\u00e3o descrito no Edital CAPES PDSE n\u00ba 19\/2020 e conduzido por esta Pr\u00f3-Reitoria, s\u00f3 pode ser efetuado em candidaturas registradas com sucesso no SICAPES.<\/p>\n\n\n\n<p>&#8211; Caso o PPG habilitado n\u00e3o indique discente para ocupa\u00e7\u00e3o, a cota PDSE atribu\u00edda pela CAPES poder\u00e1 ser remanejada entre os demais PPGs habilitados no \u00e2mbito desta Institui\u00e7\u00e3o.<\/p>\n\n\n\n<p>Resultados sobre o Edital PDSE CAPES n\u00ba 41\/2018: (<a href=\"https:\/\/ufpr.br\/propg\/wp-content\/uploads\/2025\/10\/resultado_selecaointernaufpr_discentesautorizados_pdse_editalcapes_41_2018-1.pdf\" target=\"_blank\" rel=\"noreferrer noopener\">clique aqui<\/a>)<\/p>\n\n\n\n<p>Sobre o PDSE 2018: (<a href=\"https:\/\/ufpr.br\/propg\/pdse-2019-edital-capes-41-2018\/\" target=\"_blank\" rel=\"noreferrer noopener\">clique aqui<\/a>)<\/p>\n","protected":false},"excerpt":{"rendered":"<p>Em atendimento aos termos do Edital CAPES PDSE n\u00ba 19\/2020, esta Pr\u00f3-Reitoria apresenta aos interessados informa\u00e7\u00f5es, instru\u00e7\u00f5es e documenta\u00e7\u00f5es referentes ao PDSE 2020 no \u00e2mbito desta IES. Acesso aos arquivos relacionados ao PDSE 2020: 1 &#8211; Edital CAPES PDSE n\u00ba 19\/2020: (clique aqui) 2 &#8211; Anexo III &#8211; Requisitos de profici\u00eancia em l\u00edngua estrangeira: (clique [&hellip;]<\/p>\n","protected":false},"author":16,"featured_media":0,"comment_status":"open","ping_status":"open","sticky":false,"template":"","format":"standard","meta":{"footnotes":""},"categories":[381,385,386],"tags":[],"class_list":["post-10054","post","type-post","status-publish","format-standard","hentry","category-editais-e-processos-seletivos","category-internacionalizacao","category-mestrado-e-doutorado"],"_links":{"self":[{"href":"https:\/\/ufpr.br\/propg\/wp-json\/wp\/v2\/posts\/10054","targetHints":{"allow":["GET"]}}],"collection":[{"href":"https:\/\/ufpr.br\/propg\/wp-json\/wp\/v2\/posts"}],"about":[{"href":"https:\/\/ufpr.br\/propg\/wp-json\/wp\/v2\/types\/post"}],"author":[{"embeddable":true,"href":"https:\/\/ufpr.br\/propg\/wp-json\/wp\/v2\/users\/16"}],"replies":[{"embeddable":true,"href":"https:\/\/ufpr.br\/propg\/wp-json\/wp\/v2\/comments?post=10054"}],"version-history":[{"count":10,"href":"https:\/\/ufpr.br\/propg\/wp-json\/wp\/v2\/posts\/10054\/revisions"}],"predecessor-version":[{"id":18845,"href":"https:\/\/ufpr.br\/propg\/wp-json\/wp\/v2\/posts\/10054\/revisions\/18845"}],"wp:attachment":[{"href":"https:\/\/ufpr.br\/propg\/wp-json\/wp\/v2\/media?parent=10054"}],"wp:term":[{"taxonomy":"category","embeddable":true,"href":"https:\/\/ufpr.br\/propg\/wp-json\/wp\/v2\/categories?post=10054"},{"taxonomy":"post_tag","embeddable":true,"href":"https:\/\/ufpr.br\/propg\/wp-json\/wp\/v2\/tags?post=10054"}],"curies":[{"name":"wp","href":"https:\/\/api.w.org\/{rel}","templated":true}]}}