{"id":1547,"date":"2025-08-20T11:00:25","date_gmt":"2025-08-20T14:00:25","guid":{"rendered":"https:\/\/ufpr.br\/agtic\/?p=1547"},"modified":"2025-08-20T11:00:26","modified_gmt":"2025-08-20T14:00:26","slug":"ufpr-e-premiada-no-wticifes-2025-com-trabalho-desenvolvido-por-servidores-da-agtic","status":"publish","type":"post","link":"https:\/\/ufpr.br\/agtic\/2025\/08\/20\/ufpr-e-premiada-no-wticifes-2025-com-trabalho-desenvolvido-por-servidores-da-agtic\/","title":{"rendered":"UFPR \u00e9 premiada no WTICIFES 2025 com trabalho desenvolvido por servidores da AGTIC"},"content":{"rendered":"\n<p>A Universidade Federal do Paran\u00e1 (UFPR) foi premiada no <strong>Workshop de Tecnologia da Informa\u00e7\u00e3o e Comunica\u00e7\u00e3o das Institui\u00e7\u00f5es Federais de Ensino Superior (WTICIFES) 2025<\/strong>, realizado entre <strong>12 e 14 de agosto de 2025<\/strong>.&nbsp;<\/p>\n\n\n\n<p>O reconhecimento veio a partir de um trabalho desenvolvido por analistas de sistemas e t\u00e9cnicos de TIC&nbsp;da <strong>Ag\u00eancia de Tecnologia da Informa\u00e7\u00e3o e Comunica\u00e7\u00e3o (AGTIC\/UFPR)<\/strong>. A autoria \u00e9 de <strong>Jos\u00e9 Pedro de Santana Neto<\/strong>, com <strong>Jaison Pisa Rezine<\/strong> e <strong>Cleiton Almeida dos Santos<\/strong> como coautores (entre outros).<\/p>\n\n\n\n<p>O pr\u00eamio destaca a qualidade e a relev\u00e2ncia das iniciativas da UFPR no campo da tecnologia da informa\u00e7\u00e3o, bem como a atua\u00e7\u00e3o da AGTIC no desenvolvimento de solu\u00e7\u00f5es inovadoras que fortalecem a gest\u00e3o acad\u00eamica e administrativa da institui\u00e7\u00e3o.&nbsp;<\/p>\n\n\n\n<p>Quer saber mais sobre o evento? Clique <a href=\"https:\/\/www.andifes.org.br\/2025\/08\/19\/wticifes-2025-consolida-papel-estrategico-das-universidades-federais-na-area-de-tecnologia\/\" target=\"_blank\" rel=\"noreferrer noopener\">aqui<\/a>\u00a0<\/p>\n\n\n\n<div class=\"wp-block-columns is-layout-flex wp-container-core-columns-is-layout-1 wp-block-columns-is-layout-flex\">\n<div class=\"wp-block-column is-layout-flow wp-block-column-is-layout-flow\">\n<figure class=\"wp-block-image size-large\"><img loading=\"lazy\" decoding=\"async\" width=\"1024\" height=\"683\" src=\"https:\/\/ufpr.br\/agtic\/wp-content\/uploads\/sites\/5\/2025\/08\/IMG_3559-1024x683.jpg\" alt=\"\" class=\"wp-image-1549\" srcset=\"https:\/\/ufpr.br\/agtic\/wp-content\/uploads\/sites\/5\/2025\/08\/IMG_3559-1024x683.jpg 1024w, https:\/\/ufpr.br\/agtic\/wp-content\/uploads\/sites\/5\/2025\/08\/IMG_3559-300x200.jpg 300w, https:\/\/ufpr.br\/agtic\/wp-content\/uploads\/sites\/5\/2025\/08\/IMG_3559-768x512.jpg 768w, https:\/\/ufpr.br\/agtic\/wp-content\/uploads\/sites\/5\/2025\/08\/IMG_3559-1536x1024.jpg 1536w, https:\/\/ufpr.br\/agtic\/wp-content\/uploads\/sites\/5\/2025\/08\/IMG_3559-2048x1365.jpg 2048w, https:\/\/ufpr.br\/agtic\/wp-content\/uploads\/sites\/5\/2025\/08\/IMG_3559-147x98.jpg 147w, https:\/\/ufpr.br\/agtic\/wp-content\/uploads\/sites\/5\/2025\/08\/IMG_3559-75x50.jpg 75w\" sizes=\"auto, (max-width: 1024px) 100vw, 1024px\" \/><\/figure>\n<\/div>\n\n\n\n<div class=\"wp-block-column is-layout-flow wp-block-column-is-layout-flow\">\n<figure class=\"wp-block-image size-large\"><img loading=\"lazy\" decoding=\"async\" width=\"1024\" height=\"683\" src=\"https:\/\/ufpr.br\/agtic\/wp-content\/uploads\/sites\/5\/2025\/08\/IMG_3324-1024x683.jpg\" alt=\"\" class=\"wp-image-1551\" srcset=\"https:\/\/ufpr.br\/agtic\/wp-content\/uploads\/sites\/5\/2025\/08\/IMG_3324-1024x683.jpg 1024w, https:\/\/ufpr.br\/agtic\/wp-content\/uploads\/sites\/5\/2025\/08\/IMG_3324-300x200.jpg 300w, https:\/\/ufpr.br\/agtic\/wp-content\/uploads\/sites\/5\/2025\/08\/IMG_3324-768x512.jpg 768w, https:\/\/ufpr.br\/agtic\/wp-content\/uploads\/sites\/5\/2025\/08\/IMG_3324-1536x1024.jpg 1536w, https:\/\/ufpr.br\/agtic\/wp-content\/uploads\/sites\/5\/2025\/08\/IMG_3324-2048x1365.jpg 2048w, https:\/\/ufpr.br\/agtic\/wp-content\/uploads\/sites\/5\/2025\/08\/IMG_3324-147x98.jpg 147w, https:\/\/ufpr.br\/agtic\/wp-content\/uploads\/sites\/5\/2025\/08\/IMG_3324-75x50.jpg 75w\" sizes=\"auto, (max-width: 1024px) 100vw, 1024px\" \/><\/figure>\n<\/div>\n\n\n\n<div class=\"wp-block-column is-layout-flow wp-block-column-is-layout-flow\">\n<figure class=\"wp-block-video\"><video controls src=\"https:\/\/ufpr.br\/agtic\/wp-content\/uploads\/sites\/5\/2025\/08\/Premiacao-Jaison.mp4\"><\/video><\/figure>\n<\/div>\n<\/div>\n","protected":false},"excerpt":{"rendered":"<p>A Universidade Federal do Paran\u00e1 (UFPR) foi premiada no Workshop de Tecnologia da Informa\u00e7\u00e3o e Comunica\u00e7\u00e3o das Institui\u00e7\u00f5es Federais de Ensino Superior (WTICIFES) 2025, realizado entre 12 e 14 de agosto de 2025.&nbsp; O reconhecimento veio a partir de um trabalho desenvolvido por analistas de sistemas e t\u00e9cnicos de TIC&nbsp;da Ag\u00eancia de Tecnologia da Informa\u00e7\u00e3o [&hellip;]<\/p>\n","protected":false},"author":53,"featured_media":1553,"comment_status":"open","ping_status":"open","sticky":false,"template":"","format":"standard","meta":{"footnotes":""},"categories":[7],"tags":[304,302],"class_list":["post-1547","post","type-post","status-publish","format-standard","has-post-thumbnail","hentry","category-noticias-da-agtic","tag-agtic_ufpr","tag-wticifes2025"],"_links":{"self":[{"href":"https:\/\/ufpr.br\/agtic\/wp-json\/wp\/v2\/posts\/1547","targetHints":{"allow":["GET"]}}],"collection":[{"href":"https:\/\/ufpr.br\/agtic\/wp-json\/wp\/v2\/posts"}],"about":[{"href":"https:\/\/ufpr.br\/agtic\/wp-json\/wp\/v2\/types\/post"}],"author":[{"embeddable":true,"href":"https:\/\/ufpr.br\/agtic\/wp-json\/wp\/v2\/users\/53"}],"replies":[{"embeddable":true,"href":"https:\/\/ufpr.br\/agtic\/wp-json\/wp\/v2\/comments?post=1547"}],"version-history":[{"count":2,"href":"https:\/\/ufpr.br\/agtic\/wp-json\/wp\/v2\/posts\/1547\/revisions"}],"predecessor-version":[{"id":1558,"href":"https:\/\/ufpr.br\/agtic\/wp-json\/wp\/v2\/posts\/1547\/revisions\/1558"}],"wp:featuredmedia":[{"embeddable":true,"href":"https:\/\/ufpr.br\/agtic\/wp-json\/wp\/v2\/media\/1553"}],"wp:attachment":[{"href":"https:\/\/ufpr.br\/agtic\/wp-json\/wp\/v2\/media?parent=1547"}],"wp:term":[{"taxonomy":"category","embeddable":true,"href":"https:\/\/ufpr.br\/agtic\/wp-json\/wp\/v2\/categories?post=1547"},{"taxonomy":"post_tag","embeddable":true,"href":"https:\/\/ufpr.br\/agtic\/wp-json\/wp\/v2\/tags?post=1547"}],"curies":[{"name":"wp","href":"https:\/\/api.w.org\/{rel}","templated":true}]}}